{"id":5817,"date":"2026-01-29T11:02:17","date_gmt":"2026-01-29T11:02:17","guid":{"rendered":"https:\/\/turnzentrum-bern.ch\/?p=5817"},"modified":"2026-01-29T11:43:42","modified_gmt":"2026-01-29T11:43:42","slug":"newsletter-1","status":"publish","type":"post","link":"https:\/\/turnzentrum-bern.ch\/fr\/2026\/01\/29\/newsletter-1\/","title":{"rendered":"Newsletter #1"},"content":{"rendered":"<div data-elementor-type=\"wp-post\" data-elementor-id=\"5817\" class=\"elementor elementor-5817\" data-elementor-post-type=\"post\">\n\t\t\t\t<div class=\"elementor-element elementor-element-4128155 e-flex e-con-boxed e-con e-parent\" data-id=\"4128155\" data-element_type=\"container\" data-e-type=\"container\">\n\t\t\t\t\t<div class=\"e-con-inner\">\n\t\t<div class=\"elementor-element elementor-element-7e69980 e-con-full e-flex e-con e-child\" data-id=\"7e69980\" data-element_type=\"container\" data-e-type=\"container\">\n\t\t\t\t<div class=\"elementor-element elementor-element-e35684a elementor-widget elementor-widget-heading\" data-id=\"e35684a\" data-element_type=\"widget\" data-e-type=\"widget\" data-widget_type=\"heading.default\">\n\t\t\t\t<div class=\"elementor-widget-container\">\n\t\t\t\t\t<h2 class=\"elementor-heading-title elementor-size-default\">Nouvelle ann\u00e9e, nouvel \u00e9lan au TZB<\/h2>\t\t\t\t<\/div>\n\t\t\t\t<\/div>\n\t\t\t\t<div class=\"elementor-element elementor-element-d427682 elementor-widget elementor-widget-text-editor\" data-id=\"d427682\" data-element_type=\"widget\" data-e-type=\"widget\" data-widget_type=\"text-editor.default\">\n\t\t\t\t<div class=\"elementor-widget-container\">\n\t\t\t\t\t\t\t\t\t<p><strong>Bienne, le 29 janvier 2026<\/strong><\/p>\n<p dir=\"ltr\" style=\"line-height: 1.38; background-color: #ffffff; margin-top: 0pt; margin-bottom: 0pt;\"><span style=\"font-size: 12pt; font-family: Arial,sans-serif; color: #000000; background-color: transparent; font-weight: 400; font-style: normal; font-variant: normal; text-decoration: none; vertical-align: baseline; white-space: pre-wrap;\">Chers amis de la gymnastique<\/span><\/p>\n<p><\/p>\n<p dir=\"ltr\" style=\"line-height: 1.38; background-color: #ffffff; margin-top: 0pt; margin-bottom: 0pt;\"><span style=\"font-size: 12pt; font-family: Arial,sans-serif; color: #000000; background-color: transparent; font-weight: 400; font-style: normal; font-variant: normal; text-decoration: none; vertical-align: baseline; white-space: pre-wrap;\">La nouvelle ann\u00e9e apporte des nouvelles passionnantes du centre de gymnastique de Berne : \u00e0 partir de 2026, il y aura de nouvelles offres MOVE le dimanche, un nouvel abonnement pour les gymnastes individuels, de nouveaux partenariats de sponsoring et une mise \u00e0 jour du d\u00e9fi de l'Avent. Le TZB reste en mouvement \u2013 nous vous tiendrons au courant.<\/span><\/p>\n<p><\/p>\n<p dir=\"ltr\" style=\"line-height: 1.38; background-color: #ffffff; margin-top: 0pt; margin-bottom: 0pt;\"><span style=\"font-size: 12pt; font-family: Arial,sans-serif; color: #000000; background-color: transparent; font-weight: bold; font-style: normal; font-variant: normal; text-decoration: none; vertical-align: baseline; white-space: pre-wrap;\">Offres MOVE et cours propos\u00e9s par Kids-Sport \u00e0 partir de 2026<\/span><\/p>\n<p dir=\"ltr\" style=\"line-height: 1.38; background-color: #ffffff; margin-top: 0pt; margin-bottom: 0pt;\"><span style=\"font-size: 12pt; font-family: Arial,sans-serif; color: #000000; background-color: transparent; font-weight: 400; font-style: normal; font-variant: normal; text-decoration: none; vertical-align: baseline; white-space: pre-wrap;\">Bouger sans barri\u00e8res : avec les<\/span> <a style=\"text-decoration: none;\" href=\"https:\/\/www.kids-sport.ch\/move\/\"><span style=\"font-size: 12pt; font-family: Arial,sans-serif; color: #ffcc15; background-color: transparent; font-weight: bold; font-style: normal; font-variant: normal; text-decoration: underline; -webkit-text-decoration-skip: none; text-decoration-skip-ink: none; vertical-align: baseline; white-space: pre-wrap;\">Offres-MOVE<\/span><\/a> <span style=\"font-size: 12pt; font-family: Arial,sans-serif; color: #000000; background-color: transparent; font-weight: 400; font-style: normal; font-variant: normal; text-decoration: none; vertical-align: baseline; white-space: pre-wrap;\">KidsSport rend la gymnastique facilement accessible au centre de gymnastique de Berne, pour les enfants, les adolescents et les familles. \u00c0 partir de 2026, les offres Open et Family Gym propos\u00e9es jusqu'\u00e0 pr\u00e9sent en semaine seront regroup\u00e9es et auront lieu exclusivement le dimanche :\n\n<\/span><\/p>\n<ul style=\"margin-top: 0; margin-bottom: 0; padding-inline-start: 48px;\">\n<li dir=\"ltr\" style=\"list-style-type: disc; font-size: 12pt; font-family: Arial,sans-serif; color: #414141; background-color: transparent; font-weight: 400; font-style: normal; font-variant: normal; text-decoration: none; vertical-align: baseline; white-space: pre;\" aria-level=\"1\"><p dir=\"ltr\" style=\"line-height: 1.38; background-color: #ffffff; margin-top: 0pt; margin-bottom: 0pt;\" role=\"presentation\"><span style=\"font-size: 12pt; font-family: Arial,sans-serif; color: #000000; background-color: transparent; font-weight: 400; font-style: normal; font-variant: normal; text-decoration: none; vertical-align: baseline; white-space: pre-wrap;\">Krabbel Gym (1 \u00e0 5 ans) 9h00-11h00<\/span><\/p><\/li><li dir=\"ltr\" style=\"list-style-type: disc; font-size: 12pt; font-family: Arial,sans-serif; color: #414141; background-color: transparent; font-weight: 400; font-style: normal; font-variant: normal; text-decoration: none; vertical-align: baseline; white-space: pre;\" aria-level=\"1\"><p dir=\"ltr\" style=\"line-height: 1.38; background-color: #ffffff; margin-top: 0pt; margin-bottom: 0pt;\" role=\"presentation\"><span style=\"font-size: 12pt; font-family: Arial,sans-serif; color: #000000; background-color: transparent; font-weight: 400; font-style: normal; font-variant: normal; text-decoration: none; vertical-align: baseline; white-space: pre-wrap;\">Family Gym (6-14 ans) 11h00-13h00 et 16h00-18h00<\/span><\/p><\/li>\n<li dir=\"ltr\" style=\"list-style-type: disc; font-size: 12pt; font-family: Arial,sans-serif; color: #414141; background-color: transparent; font-weight: 400; font-style: normal; font-variant: normal; text-decoration: none; vertical-align: baseline; white-space: pre;\" aria-level=\"1\"><p dir=\"ltr\" style=\"line-height: 1.38; background-color: #ffffff; margin-top: 0pt; margin-bottom: 0pt;\" role=\"presentation\"><span style=\"font-size: 12pt; font-family: Arial,sans-serif; color: #000000; background-color: transparent; font-weight: 400; font-style: normal; font-variant: normal; text-decoration: none; vertical-align: baseline; white-space: pre-wrap;\">Open Gym (\u00e0 partir de 15 ans) 11h00-13h00 et 16h00-18h00.<\/span><\/p><\/li><\/ul><p dir=\"ltr\" style=\"line-height: 1.38; background-color: #ffffff; margin-top: 0pt; margin-bottom: 0pt;\"><span style=\"font-size: 12pt; font-family: Arial,sans-serif; color: #000000; background-color: transparent; font-weight: 400; font-style: normal; font-variant: normal; text-decoration: none; vertical-align: baseline; white-space: pre-wrap;\"><br><\/span><span style=\"font-size: 12pt; font-family: Arial,sans-serif; color: #000000; background-color: transparent; font-weight: 400; font-style: normal; font-variant: normal; text-decoration: none; vertical-align: baseline; white-space: pre-wrap;\">Une nouveaut\u00e9 pour toutes les offres MOVE : un<\/span> <a style=\"text-decoration: none;\" href=\"https:\/\/www.kids-sport.ch\/move\/#10erAbo\"><span style=\"font-size: 12pt; font-family: Arial,sans-serif; color: #ffcc15; background-color: transparent; font-weight: bold; font-style: normal; font-variant: normal; text-decoration: underline; -webkit-text-decoration-skip: none; text-decoration-skip-ink: none; vertical-align: baseline; white-space: pre-wrap;\">Abonnement de 10 entr\u00e9es<\/span><\/a> <span style=\"font-size: 12pt; font-family: Arial,sans-serif; color: #000000; background-color: transparent; font-weight: 400; font-style: normal; font-variant: normal; text-decoration: none; vertical-align: baseline; white-space: pre-wrap;\">disponible, qui vous permet d'\u00e9conomiser deux entr\u00e9es. Comme des modifications ou des annulations peuvent parfois survenir, nous vous recommandons de consulter le calendrier actuel avant votre visite. Les cours d'hiver 2025\/26 se d\u00e9roulent jusqu'aux vacances de printemps, la nouvelle offre de cours pour le semestre d'\u00e9t\u00e9 2026 sera mise en ligne \u00e0 partir du 23 f\u00e9vrier 2026. Il est possible de venir d\u00e9couvrir nos cours \u00e0 tout moment \u2013 n'h\u00e9sitez pas \u00e0 vous inscrire \u00e0 l'adresse suivante<\/span> <a style=\"text-decoration: none;\" href=\"mailto:info@kids-sport.ch\"><span style=\"font-size: 12pt; font-family: Arial,sans-serif; color: #1155cc; background-color: transparent; font-weight: bold; font-style: normal; font-variant: normal; text-decoration: underline; -webkit-text-decoration-skip: none; text-decoration-skip-ink: none; vertical-align: baseline; white-space: pre-wrap;\">info@kids-sport.ch<\/span><\/a><span style=\"font-size: 12pt; font-family: Arial,sans-serif; color: #000000; background-color: transparent; font-weight: 400; font-style: normal; font-variant: normal; text-decoration: none; vertical-align: baseline; white-space: pre-wrap;\">.<\/span><\/p>\n<p><\/p>\n<p dir=\"ltr\" style=\"line-height: 1.38; background-color: #ffffff; margin-top: 0pt; margin-bottom: 0pt;\"><span style=\"font-size: 12pt; font-family: Arial,sans-serif; color: #000000; background-color: transparent; font-weight: bold; font-style: normal; font-variant: normal; text-decoration: none; vertical-align: baseline; white-space: pre-wrap;\">L'abonnement \u00ab Gymnaste individuel \u00bb est arriv\u00e9 !<\/span><span style=\"font-size: 12pt; font-family: Arial,sans-serif; color: #000000; background-color: transparent; font-weight: bold; font-style: normal; font-variant: normal; text-decoration: none; vertical-align: baseline; white-space: pre-wrap;\"><br><\/span><span style=\"font-size: 12pt; font-family: Arial,sans-serif; color: #000000; background-color: transparent; font-weight: 400; font-style: normal; font-variant: normal; text-decoration: none; vertical-align: baseline; white-space: pre-wrap;\">Plus de flexibilit\u00e9 pour ton entra\u00eenement personnel au centre de gymnastique de Berne \u00e0 partir de 2026. Avec le nouvel abonnement pour gymnaste individuel, tu peux encore mieux int\u00e9grer ton entra\u00eenement dans ton quotidien. Pour CHF 365.\u2013 par an (1 franc par jour), le TZB t'est ouvert 365 jours par an, du lundi au vendredi \u00e0 partir de 20h00 et le samedi et dimanche \u00e0 partir de 18h00. En compl\u00e9ment, tu peux t'entra\u00eener dans la salle de fitness et de musculation \u00e0 partir de 18 ans pour CHF 250.\u2013 pendant la pause d\u00e9jeuner (du lundi au vendredi de 12h00 \u00e0 14h00), apr\u00e8s le travail (\u00e0 partir de 18h00), le samedi \u00e0 partir de 16h00 et le dimanche toute la journ\u00e9e. Maintenant<\/span> <a style=\"text-decoration: none;\" href=\"https:\/\/turnzentrum-bern.ch\/fr\/shop\/#abo\"><span style=\"font-size: 12pt; font-family: Arial,sans-serif; color: #ffcc15; background-color: transparent; font-weight: bold; font-style: normal; font-variant: normal; text-decoration: underline; -webkit-text-decoration-skip: none; text-decoration-skip-ink: none; vertical-align: baseline; white-space: pre-wrap;\">souscrire un abonnement<\/span><\/a> <span style=\"font-size: 12pt; font-family: Arial,sans-serif; color: #000000; background-color: transparent; font-weight: 400; font-style: normal; font-variant: normal; text-decoration: none; vertical-align: baseline; white-space: pre-wrap;\">et s'entra\u00eener.<\/span><\/p>\n<p><\/p>\n<p dir=\"ltr\" style=\"line-height: 1.38; background-color: #ffffff; margin-top: 0pt; margin-bottom: 0pt;\"><span style=\"font-size: 12pt; font-family: Arial,sans-serif; color: #000000; background-color: transparent; font-weight: bold; font-style: normal; font-variant: normal; text-decoration: none; vertical-align: baseline; white-space: pre-wrap;\">D\u00e9fi de l'Avent \u2013 Du temps suppl\u00e9mentaire pour les clubs<\/span><span style=\"font-size: 12pt; font-family: Arial,sans-serif; color: #000000; background-color: transparent; font-weight: bold; font-style: normal; font-variant: normal; text-decoration: none; vertical-align: baseline; white-space: pre-wrap;\"><br><\/span><span style=\"font-size: 12pt; font-family: Arial,sans-serif; color: #000000; background-color: transparent; font-weight: 400; font-style: normal; font-variant: normal; text-decoration: none; vertical-align: baseline; white-space: pre-wrap;\">Plus de 6 500 francs suisses ont \u00e9t\u00e9 r\u00e9colt\u00e9s pendant le d\u00e9fi de l'Avent. Un grand merci \u00e0 tous les donateurs et donatrices pour leur formidable soutien. Au d\u00e9but du challenge, des probl\u00e8mes d'h\u00e9bergement de serveurs chez notre h\u00e9bergeur web ont temporairement entra\u00een\u00e9 des restrictions sur la page de la campagne. Cela a notamment compliqu\u00e9 la participation active des associations engag\u00e9es au challenge des associations. Afin d'offrir des conditions \u00e9quitables \u00e0 toutes les associations, nous avons d\u00e9cid\u00e9 de prolonger le challenge des associations jusqu'au<\/span> <span style=\"font-size: 12pt; font-family: Arial,sans-serif; color: #ffcc15; background-color: transparent; font-weight: bold; font-style: normal; font-variant: normal; text-decoration: none; vertical-align: baseline; white-space: pre-wrap;\">28.02.2026<\/span><span style=\"font-size: 12pt; font-family: Arial,sans-serif; color: #000000; background-color: transparent; font-weight: 400; font-style: normal; font-variant: normal; text-decoration: none; vertical-align: baseline; white-space: pre-wrap;\"> prolonger. Tu trouveras un aper\u00e7u actuel du montant des dons (au 25\/01\/2026) des associations ainsi que les gagnants du d\u00e9fi des donateurs individuels sur notre<\/span> <a style=\"text-decoration: none;\" href=\"https:\/\/turnzentrum-bern.ch\/fr\/advents-challenge\/\"><span style=\"font-size: 12pt; font-family: Arial,sans-serif; color: #ffcc15; background-color: transparent; font-weight: bold; font-style: normal; font-variant: normal; text-decoration: underline; -webkit-text-decoration-skip: none; text-decoration-skip-ink: none; vertical-align: baseline; white-space: pre-wrap;\">Landing Page<\/span><\/a><span style=\"font-size: 12pt; font-family: Arial,sans-serif; color: #000000; background-color: transparent; font-weight: 400; font-style: normal; font-variant: normal; text-decoration: none; vertical-align: baseline; white-space: pre-wrap;\">.<\/span><\/p>\n<p><\/p>\n<p dir=\"ltr\" style=\"line-height: 1.38; background-color: #ffffff; margin-top: 0pt; margin-bottom: 0pt;\"><span style=\"font-size: 12pt; font-family: Arial,sans-serif; color: #000000; background-color: transparent; font-weight: bold; font-style: normal; font-variant: normal; text-decoration: none; vertical-align: baseline; white-space: pre-wrap;\">Nouveaux partenaires sponsors<\/span><span style=\"font-size: 12pt; font-family: Arial,sans-serif; color: #000000; background-color: transparent; font-weight: bold; font-style: normal; font-variant: normal; text-decoration: none; vertical-align: baseline; white-space: pre-wrap;\"><br><\/span><span style=\"font-size: 12pt; font-family: Arial,sans-serif; color: #000000; background-color: transparent; font-weight: 400; font-style: normal; font-variant: normal; text-decoration: none; vertical-align: baseline; white-space: pre-wrap;\">Nous nous r\u00e9jouissons<\/span> <a style=\"text-decoration: none;\" href=\"https:\/\/turnzentrum-bern.ch\/fr\/sponsoring\/\"><span style=\"font-size: 12pt; font-family: Arial,sans-serif; color: #ffcc15; background-color: transparent; font-weight: bold; font-style: normal; font-variant: normal; text-decoration: underline; -webkit-text-decoration-skip: none; text-decoration-skip-ink: none; vertical-align: baseline; white-space: pre-wrap;\">Ypsomed<\/span><\/a> <span style=\"font-size: 12pt; font-family: Arial,sans-serif; color: #000000; background-color: transparent; font-weight: 400; font-style: normal; font-variant: normal; text-decoration: none; vertical-align: baseline; white-space: pre-wrap;\">comme premier partenaire officiel du centre de gymnastique de Berne. Ypsomed est pr\u00e9sent dans la salle avec deux banni\u00e8res. Le partenariat est conclu pour trois ans. D\u00e9sormais,<\/span> <a style=\"text-decoration: none;\" href=\"https:\/\/dr.sacharyf.ch\/\"><span style=\"font-size: 12pt; font-family: Arial,sans-serif; color: #ffcc15; background-color: transparent; font-weight: bold; font-style: normal; font-variant: normal; text-decoration: underline; -webkit-text-decoration-skip: none; text-decoration-skip-ink: none; vertical-align: baseline; white-space: pre-wrap;\">Sacha Ryf<\/span><\/a> <span style=\"font-size: 12pt; font-family: Arial,sans-serif; color: #000000; background-color: transparent; font-weight: 400; font-style: normal; font-variant: normal; text-decoration: none; vertical-align: baseline; white-space: pre-wrap;\">les droits de d\u00e9nomination pour les offres MOVE. \u00c0 partir de f\u00e9vrier, Sacha Ryf sera visible gr\u00e2ce \u00e0 une grande banni\u00e8re publicitaire dans le centre de formation TZB. \u00c0 l'avenir, les offres Move seront commercialis\u00e9es sous le nom<\/span> <span style=\"font-size: 12pt; font-family: Arial,sans-serif; color: #ffcc15; background-color: transparent; font-weight: bold; font-style: normal; font-variant: normal; text-decoration: none; vertical-align: baseline; white-space: pre-wrap;\">\u00abMOVE by Sacha Ryf\u00bb <\/span><span style=\"font-size: 12pt; font-family: Arial,sans-serif; color: #000000; background-color: transparent; font-weight: 400; font-style: normal; font-variant: normal; text-decoration: none; vertical-align: baseline; white-space: pre-wrap;\">men\u00e9.<\/span><\/p>\n<p><\/p>\n<p dir=\"ltr\" style=\"line-height: 1.38; background-color: #ffffff; margin-top: 0pt; margin-bottom: 0pt;\"><span style=\"font-size: 12pt; font-family: Arial,sans-serif; color: #000000; background-color: transparent; font-weight: bold; font-style: normal; font-variant: normal; text-decoration: none; vertical-align: baseline; white-space: pre-wrap;\">Passage de relais et nouveaux partenariats<\/span><\/p>\n<p><span style=\"font-size: 12pt; font-family: Arial, sans-serif; color: #000000; background-color: transparent; font-variant-numeric: normal; font-variant-east-asian: normal; font-variant-alternates: normal; font-variant-position: normal; font-variant-emoji: normal; vertical-align: baseline; white-space-collapse: preserve;\">\u00c0 partir du 1er f\u00e9vrier 2026, le centre de gymnastique de Berne entamera une nouvelle \u00e9tape : l'agence de marketing biennoise <\/span><a href=\"https:\/\/messer-benz.ch\/\"><span style=\"font-size: 12pt; font-family: Arial, sans-serif; color: #ffcc15; background-color: transparent; font-weight: bold; font-variant-numeric: normal; font-variant-east-asian: normal; font-variant-alternates: normal; font-variant-position: normal; font-variant-emoji: normal; text-decoration-line: underline; text-decoration-skip-ink: none; vertical-align: baseline; white-space-collapse: preserve;\">Messer Benz<\/span><\/a><span style=\"font-size: 12pt; font-family: Arial, sans-serif; color: #000000; background-color: transparent; font-variant-numeric: normal; font-variant-east-asian: normal; font-variant-alternates: normal; font-variant-position: normal; font-variant-emoji: normal; vertical-align: baseline; white-space-collapse: preserve;\"> reprend le mandat de sponsoring et la direction du TZB. <\/span><span style=\"font-size: 12pt; font-family: Arial, sans-serif; color: #ffcc15; background-color: transparent; font-weight: bold; font-variant-numeric: normal; font-variant-east-asian: normal; font-variant-alternates: normal; font-variant-position: normal; font-variant-emoji: normal; vertical-align: baseline; white-space-collapse: preserve;\">Yves Kurmann<\/span><span style=\"font-size: 12pt; font-family: Arial, sans-serif; color: #000000; background-color: transparent; font-variant-numeric: normal; font-variant-east-asian: normal; font-variant-alternates: normal; font-variant-position: normal; font-variant-emoji: normal; vertical-align: baseline; white-space-collapse: preserve;\"> Il sera d\u00e9sormais responsable des op\u00e9rations et participera activement au d\u00e9veloppement du centre. Nous sommes tr\u00e8s heureux de collaborer avec un partenaire solide et profond\u00e9ment ancr\u00e9 dans le Seeland. Nous tenons \u00e9galement \u00e0 remercier chaleureusement Peter Rubi, qui s'est fortement engag\u00e9 personnellement dans le sponsoring et le comit\u00e9 de patronage lors de la phase de d\u00e9marrage et qui continue \u00e0 se mettre \u00e0 notre disposition \u00e0 titre honorifique pour des missions sp\u00e9ciales. Nous remercions toutes les personnes impliqu\u00e9es pour leur engagement et nous r\u00e9jouissons de poursuivre cette collaboration. (MS)<\/span><\/p>\t\t\t\t\t\t\t\t<\/div>\n\t\t\t\t<\/div>\n\t\t<div class=\"elementor-element elementor-element-4110bb3 e-con-full e-flex e-con e-child\" data-id=\"4110bb3\" data-element_type=\"container\" data-e-type=\"container\" data-settings=\"{&quot;background_background&quot;:&quot;classic&quot;}\">\n\t\t\t\t<div class=\"elementor-element elementor-element-73b281c elementor-widget elementor-widget-video\" data-id=\"73b281c\" data-element_type=\"widget\" data-e-type=\"widget\" data-settings=\"{&quot;youtube_url&quot;:&quot;https:\\\/\\\/www.youtube.com\\\/shorts\\\/2wJPG7BQU8Q&quot;,&quot;video_type&quot;:&quot;youtube&quot;,&quot;controls&quot;:&quot;yes&quot;}\" data-widget_type=\"video.default\">\n\t\t\t\t<div class=\"elementor-widget-container\">\n\t\t\t\t\t\t\t<div class=\"elementor-wrapper elementor-open-inline\">\n\t\t\t<div class=\"elementor-video\"><\/div>\t\t<\/div>\n\t\t\t\t\t\t<\/div>\n\t\t\t\t<\/div>\n\t\t\t\t<div class=\"elementor-element elementor-element-febf2d1 elementor-widget elementor-widget-spacer\" data-id=\"febf2d1\" data-element_type=\"widget\" data-e-type=\"widget\" data-widget_type=\"spacer.default\">\n\t\t\t\t<div class=\"elementor-widget-container\">\n\t\t\t\t\t\t\t<div class=\"elementor-spacer\">\n\t\t\t<div class=\"elementor-spacer-inner\"><\/div>\n\t\t<\/div>\n\t\t\t\t\t\t<\/div>\n\t\t\t\t<\/div>\n\t\t\t\t<\/div>\n\t\t\t\t<\/div>\n\t\t\t\t\t<\/div>\n\t\t\t\t<\/div>\n\t\t<div class=\"elementor-element elementor-element-a4edd31 e-flex e-con-boxed e-con e-parent\" data-id=\"a4edd31\" data-element_type=\"container\" data-e-type=\"container\">\n\t\t\t\t\t<div class=\"e-con-inner\">\n\t\t<div class=\"elementor-element elementor-element-1df1b36 e-con-full e-flex e-con e-child\" data-id=\"1df1b36\" data-element_type=\"container\" data-e-type=\"container\">\n\t\t\t\t<div class=\"elementor-element elementor-element-9ee4a0c elementor-widget elementor-widget-heading\" data-id=\"9ee4a0c\" data-element_type=\"widget\" data-e-type=\"widget\" data-widget_type=\"heading.default\">\n\t\t\t\t<div class=\"elementor-widget-container\">\n\t\t\t\t\t<h2 class=\"elementor-heading-title elementor-size-default\"><span class=\"underline-y\">Rejoignez la communaut\u00e9 !<\/span><\/h2>\t\t\t\t<\/div>\n\t\t\t\t<\/div>\n\t\t<div class=\"elementor-element elementor-element-c4d19ba e-con-full e-flex e-con e-child\" data-id=\"c4d19ba\" data-element_type=\"container\" data-e-type=\"container\">\n\t\t\t\t<div class=\"elementor-element elementor-element-3a223dc elementor-widget-mobile__width-inherit elementor-widget elementor-widget-html\" data-id=\"3a223dc\" data-element_type=\"widget\" data-e-type=\"widget\" data-widget_type=\"html.default\">\n\t\t\t\t<div class=\"elementor-widget-container\">\n\t\t\t\t\t<!-- Begin Brevo Form -->\r\n<!-- START - We recommend to place the below code in head tag of your website html  -->\r\n<style>\r\n  @font-face {\r\n    font-display: block;\r\n    font-family: Roboto;\r\n    src: url(https:\/\/assets.brevo.com\/font\/Roboto\/Latin\/normal\/normal\/7529907e9eaf8ebb5220c5f9850e3811.woff2) format(\"woff2\"), url(https:\/\/assets.brevo.com\/font\/Roboto\/Latin\/normal\/normal\/25c678feafdc175a70922a116c9be3e7.woff) format(\"woff\")\r\n  }\r\n\r\n  @font-face {\r\n    font-display: fallback;\r\n    font-family: Roboto;\r\n    font-weight: 600;\r\n    src: url(https:\/\/assets.brevo.com\/font\/Roboto\/Latin\/medium\/normal\/6e9caeeafb1f3491be3e32744bc30440.woff2) format(\"woff2\"), url(https:\/\/assets.brevo.com\/font\/Roboto\/Latin\/medium\/normal\/71501f0d8d5aa95960f6475d5487d4c2.woff) format(\"woff\")\r\n  }\r\n\r\n  @font-face {\r\n    font-display: fallback;\r\n    font-family: Roboto;\r\n    font-weight: 700;\r\n    src: url(https:\/\/assets.brevo.com\/font\/Roboto\/Latin\/bold\/normal\/3ef7cf158f310cf752d5ad08cd0e7e60.woff2) format(\"woff2\"), url(https:\/\/assets.brevo.com\/font\/Roboto\/Latin\/bold\/normal\/ece3a1d82f18b60bcce0211725c476aa.woff) format(\"woff\")\r\n  }\r\n\r\n  #sib-container input:-ms-input-placeholder {\r\n    text-align: left;\r\n    font-family: \"Source Sans Pro\", webFonts;\r\n    color: #c0ccda;\r\n  }\r\n\r\n  #sib-container input::placeholder {\r\n    text-align: left;\r\n    font-family: \"Source Sans Pro\", webFonts;\r\n    color: #c0ccda;\r\n  }\r\n\r\n  #sib-container textarea::placeholder {\r\n    text-align: left;\r\n    font-family: \"Source Sans Pro\", webFonts;\r\n    color: #c0ccda;\r\n  }\r\n\r\n  #sib-container a {\r\n    text-decoration: underline;\r\n    color: #2BB2FC;\r\n  }\r\n<\/style>\r\n<link rel=\"stylesheet\" href=\"https:\/\/sibforms.com\/forms\/end-form\/build\/sib-styles.css\">\r\n<link rel=\"stylesheet\" href=\"https:\/\/fonts.googleapis.com\/css2?family=Oswald&amp;family=Source Sans Pro&amp;&amp;display=swap\">\r\n<!--  END - We recommend to place the above code in head tag of your website html -->\r\n\r\n<!-- START - We recommend to place the below code where you want the form in your website html  -->\r\n<div class=\"sib-form\" style=\"text-align: center;         background-color: transparent;                                 \">\r\n  <div id=\"sib-form-container\" class=\"sib-form-container\">\r\n    <div id=\"error-message\" class=\"sib-form-message-panel\" style=\"font-size:16px; text-align:left; font-family:Helvetica, sans-serif; color:#661d1d; background-color:#ffeded; border-radius:3px; border-color:#ff4949;max-width:540px;\">\r\n      <div class=\"sib-form-message-panel__text sib-form-message-panel__text--center\">\r\n        <svg viewbox=\"0 0 512 512\" class=\"sib-icon sib-notification__icon\">\r\n          <path d=\"M256 40c118.621 0 216 96.075 216 216 0 119.291-96.61 216-216 216-119.244 0-216-96.562-216-216 0-119.203 96.602-216 216-216m0-32C119.043 8 8 119.083 8 256c0 136.997 111.043 248 248 248s248-111.003 248-248C504 119.083 392.957 8 256 8zm-11.49 120h22.979c6.823 0 12.274 5.682 11.99 12.5l-7 168c-.268 6.428-5.556 11.5-11.99 11.5h-8.979c-6.433 0-11.722-5.073-11.99-11.5l-7-168c-.283-6.818 5.167-12.5 11.99-12.5zM256 340c-15.464 0-28 12.536-28 28s12.536 28 28 28 28-12.536 28-28-12.536-28-28-28z\" \/>\r\n        <\/svg>\r\n        <span class=\"sib-form-message-panel__inner-text\">\r\n                          Deine Anmeldung konnte nicht gespeichert werden. Bitte versuche es erneut.\r\n                      <\/span>\r\n      <\/div>\r\n    <\/div>\r\n    <div><\/div>\r\n    <div id=\"success-message\" class=\"sib-form-message-panel\" style=\"font-size:16px; text-align:left; font-family:Helvetica, sans-serif; color:#085229; background-color:#e7faf0; border-radius:3px; border-color:#13ce66;max-width:540px;\">\r\n      <div class=\"sib-form-message-panel__text sib-form-message-panel__text--center\">\r\n        <svg viewbox=\"0 0 512 512\" class=\"sib-icon sib-notification__icon\">\r\n          <path d=\"M256 8C119.033 8 8 119.033 8 256s111.033 248 248 248 248-111.033 248-248S392.967 8 256 8zm0 464c-118.664 0-216-96.055-216-216 0-118.663 96.055-216 216-216 118.664 0 216 96.055 216 216 0 118.663-96.055 216-216 216zm141.63-274.961L217.15 376.071c-4.705 4.667-12.303 4.637-16.97-.068l-85.878-86.572c-4.667-4.705-4.637-12.303.068-16.97l8.52-8.451c4.705-4.667 12.303-4.637 16.97.068l68.976 69.533 163.441-162.13c4.705-4.667 12.303-4.637 16.97.068l8.451 8.52c4.668 4.705 4.637 12.303-.068 16.97z\" \/>\r\n        <\/svg>\r\n        <span class=\"sib-form-message-panel__inner-text\">\r\n                          Deine Anmeldung war erfolgreich.\r\n                      <\/span>\r\n      <\/div>\r\n    <\/div>\r\n    <div><\/div>\r\n    <div id=\"sib-container\" class=\"sib-container--large sib-container--vertical\" style=\"text-align:center; background-color:rgba(255,255,255,1); max-width:540px; border-radius:3px; border-width:1px; border-color:#ffffff; border-style:solid; direction:ltr\">\r\n      <form id=\"sib-form\" method=\"POST\" action=\"https:\/\/ce3e1ba4.sibforms.com\/serve\/MUIFAOucjE8LFwiOE13Y2NGzwZErg8UGNVkCjvcx_Xf5ZTzx4r7Ht7TK0R0lUri7BHp89bc-SHI7UymYSnykAl_4cvvPmqMMvwf4YDWOFRr07VB63F5lE9oPx6-KnLnED9DaXI_8Onu4PcL6QfaJmE7HThg_em_UcpoXsGxWLT7ztsdOOjRaG--QTxeQRM_ykG8j6_qCZs8nr9sm\" data-type=\"subscription\">\r\n        <div style=\"padding: 8px 0;\">\r\n          <div class=\"sib-form-block\" style=\"font-size:32px; text-align:left; font-weight:700; font-family:Oswald, webFonts; color:#ffcc15; background-color:transparent; text-align:left\">\r\n            <p>Newsletter Turnzentrum Bern<\/p>\r\n          <\/div>\r\n        <\/div>\r\n        <div style=\"padding: 8px 0;\">\r\n          <div class=\"sib-input sib-form-block\">\r\n            <div class=\"form__entry entry_block\">\r\n              <div class=\"form__label-row\">\r\n\r\n                <div class=\"entry__field\">\r\n                  <input class=\"input\" maxlength=\"200\" type=\"text\" id=\"VORNAME\" name=\"VORNAME\" autocomplete=\"off\" placeholder=\"Pr\u00e9nom\" \/>\r\n                <\/div>\r\n              <\/div>\r\n\r\n              <label class=\"entry__error entry__error--primary\" style=\"font-size:16px; text-align:left; font-family:Helvetica, sans-serif; color:#661d1d; background-color:#ffeded; border-radius:3px; border-color:#ff4949;\">\r\n              <\/label>\r\n            <\/div>\r\n          <\/div>\r\n        <\/div>\r\n        <div style=\"padding: 8px 0;\">\r\n          <div class=\"sib-input sib-form-block\">\r\n            <div class=\"form__entry entry_block\">\r\n              <div class=\"form__label-row\">\r\n\r\n                <div class=\"entry__field\">\r\n                  <input class=\"input\" maxlength=\"200\" type=\"text\" id=\"NACHNAME\" name=\"NACHNAME\" autocomplete=\"off\" placeholder=\"Nom\" \/>\r\n                <\/div>\r\n              <\/div>\r\n\r\n              <label class=\"entry__error entry__error--primary\" style=\"font-size:16px; text-align:left; font-family:Helvetica, sans-serif; color:#661d1d; background-color:#ffeded; border-radius:3px; border-color:#ff4949;\">\r\n              <\/label>\r\n            <\/div>\r\n          <\/div>\r\n        <\/div>\r\n        <div style=\"padding: 8px 0;\">\r\n          <div class=\"sib-input sib-form-block\">\r\n            <div class=\"form__entry entry_block\">\r\n              <div class=\"form__label-row\">\r\n\r\n                <div class=\"entry__field\">\r\n                  <input class=\"input\" maxlength=\"200\" type=\"text\" id=\"INSTITUTION\" name=\"INSTITUTION\" autocomplete=\"off\" placeholder=\"Institution (entreprise\/association)\" \/>\r\n                <\/div>\r\n              <\/div>\r\n\r\n              <label class=\"entry__error entry__error--primary\" style=\"font-size:16px; text-align:left; font-family:Helvetica, sans-serif; color:#661d1d; background-color:#ffeded; border-radius:3px; border-color:#ff4949;\">\r\n              <\/label>\r\n            <\/div>\r\n          <\/div>\r\n        <\/div>\r\n        <div style=\"padding: 8px 0;\">\r\n          <div class=\"sib-input sib-form-block\">\r\n            <div class=\"form__entry entry_block\">\r\n              <div class=\"form__label-row\">\r\n\r\n                <div class=\"entry__field\">\r\n                  <input class=\"input\" maxlength=\"200\" type=\"text\" id=\"JOB_TITLE\" name=\"JOB_TITLE\" autocomplete=\"off\" placeholder=\"Fonction\" \/>\r\n                <\/div>\r\n              <\/div>\r\n\r\n              <label class=\"entry__error entry__error--primary\" style=\"font-size:16px; text-align:left; font-family:Helvetica, sans-serif; color:#661d1d; background-color:#ffeded; border-radius:3px; border-color:#ff4949;\">\r\n              <\/label>\r\n            <\/div>\r\n          <\/div>\r\n        <\/div>\r\n        <div style=\"padding: 8px 0;\">\r\n          <div class=\"sib-input sib-form-block\">\r\n            <div class=\"form__entry entry_block\">\r\n              <div class=\"form__label-row\">\r\n\r\n                <div class=\"entry__field\">\r\n                  <input class=\"input\" type=\"text\" id=\"EMAIL\" name=\"EMAIL\" autocomplete=\"off\" placeholder=\"Adresse e-mail\" data-required=\"true\" required \/>\r\n                <\/div>\r\n              <\/div>\r\n\r\n              <label class=\"entry__error entry__error--primary\" style=\"font-size:16px; text-align:left; font-family:Helvetica, sans-serif; color:#661d1d; background-color:#ffeded; border-radius:3px; border-color:#ff4949;\">\r\n              <\/label>\r\n            <\/div>\r\n          <\/div>\r\n        <\/div>\r\n        <div style=\"padding: 8px 0;\">\r\n          <div class=\"sib-optin sib-form-block\" data-required=\"true\">\r\n            <div class=\"form__entry entry_mcq\">\r\n              <div class=\"form__label-row\">\r\n                <div class=\"entry__choice\" style=\"\">\r\n                  <label>\r\n                    <input type=\"checkbox\" class=\"input_replaced\" value=\"1\" id=\"OPT_IN\" name=\"OPT_IN\" required \/>\r\n                    <span class=\"checkbox checkbox_tick_positive\"\r\n            style=\"margin-left:\"\r\n            ><\/span><span style=\"font-size:12px; text-align:left; font-family:&quot;Source Sans Pro&quot;, webFonts; color:#3C4858; background-color:transparent;\"><p>Je souhaite recevoir ta newsletter et j'accepte la d\u00e9claration de confidentialit\u00e9.<\/p><span data-required=\"*\" style=\"display: inline;\" class=\"entry__label entry__label_optin\"><\/span><\/span> <\/label>\r\n                <\/div>\r\n              <\/div>\r\n              <label class=\"entry__error entry__error--primary\" style=\"font-size:16px; text-align:left; font-family:Helvetica, sans-serif; color:#661d1d; background-color:#ffeded; border-radius:3px; border-color:#ff4949;\">\r\n              <\/label>\r\n            <\/div>\r\n          <\/div>\r\n        <\/div>\r\n        <div style=\"padding: 8px 0;\">\r\n          <div class=\"sib-form-block\" style=\"text-align: left\">\r\n            <button class=\"sib-form-block__button sib-form-block__button-with-loader\" style=\"font-size:16px; text-align:left; font-weight:700; font-family:&quot;Source Sans Pro&quot;, webFonts; color:#FFFFFF; background-color:#f12424; border-radius:3px; border-width:0px;\" form=\"sib-form\" type=\"submit\">\r\n              <svg class=\"icon clickable__icon progress-indicator__icon sib-hide-loader-icon\" viewbox=\"0 0 512 512\" style=\"\">\r\n                <path d=\"M460.116 373.846l-20.823-12.022c-5.541-3.199-7.54-10.159-4.663-15.874 30.137-59.886 28.343-131.652-5.386-189.946-33.641-58.394-94.896-95.833-161.827-99.676C261.028 55.961 256 50.751 256 44.352V20.309c0-6.904 5.808-12.337 12.703-11.982 83.556 4.306 160.163 50.864 202.11 123.677 42.063 72.696 44.079 162.316 6.031 236.832-3.14 6.148-10.75 8.461-16.728 5.01z\" \/>\r\n              <\/svg>\r\n              S'inscrire maintenand\r\n            <\/button>\r\n          <\/div>\r\n        <\/div>\r\n\r\n        <input type=\"text\" name=\"email_address_check\" value=\"\" class=\"input--hidden\">\r\n        <input type=\"hidden\" name=\"locale\" value=\"de\">\r\n      <\/form>\r\n    <\/div>\r\n  <\/div>\r\n<\/div>\r\n<!-- END - We recommend to place the above code where you want the form in your website html  -->\r\n\r\n<!-- START - We recommend to place the below code in footer or bottom of your website html  -->\r\n<script>\r\n  window.REQUIRED_CODE_ERROR_MESSAGE = 'W\u00e4hle bitte einen L\u00e4ndervorwahl aus.';\r\n  window.LOCALE = 'de';\r\n  window.EMAIL_INVALID_MESSAGE = window.SMS_INVALID_MESSAGE = \"Die eingegebenen Informationen sind nicht g\u00fcltig. Bitte \u00fcberpr\u00fcfe das Feldformat und versuche es erneut.\";\r\n\r\n  window.REQUIRED_ERROR_MESSAGE = \"Dieses Feld darf nicht leer sein. \";\r\n\r\n  window.GENERIC_INVALID_MESSAGE = \"Die eingegebenen Informationen sind nicht g\u00fcltig. Bitte \u00fcberpr\u00fcfe das Feldformat und versuche es erneut.\";\r\n\r\n\r\n\r\n\r\n  window.translation = {\r\n    common: {\r\n      selectedList: '{quantity} Liste ausgew\u00e4hlt',\r\n      selectedLists: '{quantity} Listen ausgew\u00e4hlt',\r\n      selectedOption: '{quantity} ausgew\u00e4hlt',\r\n      selectedOptions: '{quantity} ausgew\u00e4hlt',\r\n    }\r\n  };\r\n\r\n  var AUTOHIDE = Boolean(0);\r\n<\/script>\r\n\r\n<script defer src=\"https:\/\/sibforms.com\/forms\/end-form\/build\/main.js\"><\/script>\r\n\r\n\r\n<!-- END - We recommend to place the above code in footer or bottom of your website html  -->\r\n<!-- End Brevo Form -->\t\t\t\t<\/div>\n\t\t\t\t<\/div>\n\t\t\t\t<div class=\"elementor-element elementor-element-d89b4bf elementor-widget elementor-widget-spacer\" data-id=\"d89b4bf\" data-element_type=\"widget\" data-e-type=\"widget\" data-widget_type=\"spacer.default\">\n\t\t\t\t<div class=\"elementor-widget-container\">\n\t\t\t\t\t\t\t<div class=\"elementor-spacer\">\n\t\t\t<div class=\"elementor-spacer-inner\"><\/div>\n\t\t<\/div>\n\t\t\t\t\t\t<\/div>\n\t\t\t\t<\/div>\n\t\t\t\t<\/div>\n\t\t\t\t<\/div>\n\t\t\t\t\t<\/div>\n\t\t\t\t<\/div>\n\t\t\t\t<\/div>","protected":false},"excerpt":{"rendered":"<p>Neues Jahr, neue Impulse im Turnzentrum Bern Biel, 29. Januar 2026 Liebe Turnfans, Das neue Jahr bringt spannende Neuigkeiten aus dem Turnzentrum Bern: Ab 2026 gibt es neue MOVE-Angebote am Sonntag, ein neues Abo f\u00fcr Einzelturner:innen, frische Sponsoring-Partnerschaften sowie ein Update zur Advents-Challenge. Das TZB bleibt in Bewegung \u2013 wir halten euch auf dem Laufenden. [&hellip;]<\/p>\n","protected":false},"author":1,"featured_media":0,"comment_status":"closed","ping_status":"open","sticky":false,"template":"","format":"standard","meta":{"_jetpack_memberships_contains_paid_content":false,"footnotes":""},"categories":[1],"tags":[],"class_list":["post-5817","post","type-post","status-publish","format-standard","hentry","category-uncategorized"],"jetpack_featured_media_url":"","jetpack_sharing_enabled":true,"_links":{"self":[{"href":"https:\/\/turnzentrum-bern.ch\/fr\/wp-json\/wp\/v2\/posts\/5817","targetHints":{"allow":["GET"]}}],"collection":[{"href":"https:\/\/turnzentrum-bern.ch\/fr\/wp-json\/wp\/v2\/posts"}],"about":[{"href":"https:\/\/turnzentrum-bern.ch\/fr\/wp-json\/wp\/v2\/types\/post"}],"author":[{"embeddable":true,"href":"https:\/\/turnzentrum-bern.ch\/fr\/wp-json\/wp\/v2\/users\/1"}],"replies":[{"embeddable":true,"href":"https:\/\/turnzentrum-bern.ch\/fr\/wp-json\/wp\/v2\/comments?post=5817"}],"version-history":[{"count":10,"href":"https:\/\/turnzentrum-bern.ch\/fr\/wp-json\/wp\/v2\/posts\/5817\/revisions"}],"predecessor-version":[{"id":5827,"href":"https:\/\/turnzentrum-bern.ch\/fr\/wp-json\/wp\/v2\/posts\/5817\/revisions\/5827"}],"wp:attachment":[{"href":"https:\/\/turnzentrum-bern.ch\/fr\/wp-json\/wp\/v2\/media?parent=5817"}],"wp:term":[{"taxonomy":"category","embeddable":true,"href":"https:\/\/turnzentrum-bern.ch\/fr\/wp-json\/wp\/v2\/categories?post=5817"},{"taxonomy":"post_tag","embeddable":true,"href":"https:\/\/turnzentrum-bern.ch\/fr\/wp-json\/wp\/v2\/tags?post=5817"}],"curies":[{"name":"wp","href":"https:\/\/api.w.org\/{rel}","templated":true}]}}